{"id":1896,"date":"2023-01-16T13:26:49","date_gmt":"2023-01-16T13:26:49","guid":{"rendered":"https:\/\/cmps-ksg.ch\/12-europaeische-konferenz-zur-gesundheitsfoerderung-in-haft-12e-conference-europeenne-sur-la-promotion-de-la-sante-en-prison\/"},"modified":"2025-02-12T19:09:25","modified_gmt":"2025-02-12T19:09:25","slug":"12e-conference-europeenne-sur-la-promotion-de-la-sante-en-prison","status":"publish","type":"post","link":"https:\/\/cmps-ksg.ch\/fr\/12e-conference-europeenne-sur-la-promotion-de-la-sante-en-prison\/","title":{"rendered":"12e Conf\u00e9rence europ\u00e9enne sur la promotion de la sant\u00e9 en prison, 25. &#8211; 26.05.2023"},"content":{"rendered":"\n<p><strong>\u201e\u00c4quivalenzprinzip im Faktencheck\u201c<\/strong><br>SBB Centre Loewenberg, Murten, Schweiz, Centre SBB L\u00f6wenberg\/Morat Suisse<br>Zum Motto der Konferenz&nbsp;&nbsp;<strong>\u2018\u00c4quivalenzprinzip im Faktencheck\u2019&nbsp;<\/strong>wird es Beitr\u00e4ge aus Deutschland, dem Gastgeberland Schweiz, aus \u00d6sterreich, Frankreich, Norwegen und Luxemburg geben. Wie immer hat Akzept auch ein interessantes Vorprogramm zusammengestellt.<br><a href=\"https:\/\/gesundinhaft.eu\/programm\/\">25. &#8211; 26.05.2023 \/  Vorprogramm: 24.05.2023<\/a><br><a href=\"https:\/\/gesundinhaft.eu\/programm\/\" target=\"_blank\" rel=\"noreferrer noopener\">https:\/\/gesundinhaft.eu\/programm\/<\/a><\/p>\n\n\n\n<p><br>Le&nbsp;<strong><a href=\"https:\/\/gesundinhaft.eu\/wp-content\/uploads\/ProgrammeFribourgFR.pdf\" target=\"_blank\" rel=\"noreferrer noopener\">programme<\/a><\/strong>&nbsp;et le&nbsp;<strong><a href=\"https:\/\/gesundinhaft.eu\/wp-content\/uploads\/InscriptionFribourg2023FR.pdf\" target=\"_blank\" rel=\"noreferrer noopener\">formulaire d\u2019inscription<\/a><\/strong>&nbsp;sont t\u00e9l\u00e9chargeables ici. Par ailleurs, un tarif \u00ab&nbsp;early bird&nbsp;\u00bb s\u2019applique jusqu\u2019au 17&nbsp;f\u00e9vrier 2023&nbsp;!<\/p>\n\n\n\n<p><\/p>\n\n\n\n<p><\/p>\n\n\n\n<p><\/p>\n","protected":false},"excerpt":{"rendered":"<p>\u201e\u00c4quivalenzprinzip im Faktencheck\u201cSBB Centre Loewenberg, Murten, Schweiz, Centre SBB L\u00f6wenberg\/Morat SuisseZum Motto der Konferenz&nbsp;&nbsp;\u2018\u00c4quivalenzprinzip im Faktencheck\u2019&nbsp;wird es Beitr\u00e4ge aus Deutschland, dem Gastgeberland Schweiz, aus \u00d6sterreich, Frankreich, Norwegen und Luxemburg geben. Wie immer hat Akzept auch ein interessantes Vorprogramm zusammengestellt.25. &#8211; 26.05.2023 \/ Vorprogramm: 24.05.2023https:\/\/gesundinhaft.eu\/programm\/ Le&nbsp;programme&nbsp;et le&nbsp;formulaire d\u2019inscription&nbsp;sont t\u00e9l\u00e9chargeables ici. Par ailleurs, un tarif \u00ab&nbsp;early bird&nbsp;\u00bb [&hellip;]<\/p>\n","protected":false},"author":1,"featured_media":0,"comment_status":"closed","ping_status":"closed","sticky":false,"template":"","format":"standard","meta":{"inline_featured_image":false,"_uag_custom_page_level_css":"","site-sidebar-layout":"default","site-content-layout":"","ast-site-content-layout":"default","site-content-style":"default","site-sidebar-style":"default","ast-global-header-display":"","ast-banner-title-visibility":"","ast-main-header-display":"","ast-hfb-above-header-display":"","ast-hfb-below-header-display":"","ast-hfb-mobile-header-display":"","site-post-title":"","ast-breadcrumbs-content":"","ast-featured-img":"","footer-sml-layout":"","ast-disable-related-posts":"","theme-transparent-header-meta":"","adv-header-id-meta":"","stick-header-meta":"","header-above-stick-meta":"","header-main-stick-meta":"","header-below-stick-meta":"","astra-migrate-meta-layouts":"set","ast-page-background-enabled":"default","ast-page-background-meta":{"desktop":{"background-color":"var(--ast-global-color-4)","background-image":"","background-repeat":"repeat","background-position":"center center","background-size":"auto","background-attachment":"scroll","background-type":"","background-media":"","overlay-type":"","overlay-color":"","overlay-opacity":"","overlay-gradient":""},"tablet":{"background-color":"","background-image":"","background-repeat":"repeat","background-position":"center center","background-size":"auto","background-attachment":"scroll","background-type":"","background-media":"","overlay-type":"","overlay-color":"","overlay-opacity":"","overlay-gradient":""},"mobile":{"background-color":"","background-image":"","background-repeat":"repeat","background-position":"center center","background-size":"auto","background-attachment":"scroll","background-type":"","background-media":"","overlay-type":"","overlay-color":"","overlay-opacity":"","overlay-gradient":""}},"ast-content-background-meta":{"desktop":{"background-color":"var(--ast-global-color-5)","background-image":"","background-repeat":"repeat","background-position":"center center","background-size":"auto","background-attachment":"scroll","background-type":"","background-media":"","overlay-type":"","overlay-color":"","overlay-opacity":"","overlay-gradient":""},"tablet":{"background-color":"var(--ast-global-color-5)","background-image":"","background-repeat":"repeat","background-position":"center center","background-size":"auto","background-attachment":"scroll","background-type":"","background-media":"","overlay-type":"","overlay-color":"","overlay-opacity":"","overlay-gradient":""},"mobile":{"background-color":"var(--ast-global-color-5)","background-image":"","background-repeat":"repeat","background-position":"center center","background-size":"auto","background-attachment":"scroll","background-type":"","background-media":"","overlay-type":"","overlay-color":"","overlay-opacity":"","overlay-gradient":""}},"footnotes":""},"categories":[12],"tags":[24],"class_list":["post-1896","post","type-post","status-publish","format-standard","hentry","category-non-classifiee","tag-conference-europeenne-sur-la-promotion-de-la-sante-en-prison"],"yoast_head":"<!-- This site is optimized with the Yoast SEO plugin v27.5 - https:\/\/yoast.com\/product\/yoast-seo-wordpress\/ -->\n<title>12e Conf\u00e9rence europ\u00e9enne sur la promotion de la sant\u00e9 en prison, 25. - 26.05.2023 - CMPS \/ KSG<\/title>\n<meta name=\"robots\" content=\"index, follow, max-snippet:-1, max-image-preview:large, max-video-preview:-1\" \/>\n<link rel=\"canonical\" href=\"https:\/\/cmps-ksg.ch\/fr\/12e-conference-europeenne-sur-la-promotion-de-la-sante-en-prison\/\" \/>\n<meta property=\"og:locale\" content=\"fr_FR\" \/>\n<meta property=\"og:type\" content=\"article\" \/>\n<meta property=\"og:title\" content=\"12e Conf\u00e9rence europ\u00e9enne sur la promotion de la sant\u00e9 en prison, 25. - 26.05.2023 - CMPS \/ KSG\" \/>\n<meta property=\"og:description\" content=\"\u201e\u00c4quivalenzprinzip im Faktencheck\u201cSBB Centre Loewenberg, Murten, Schweiz, Centre SBB L\u00f6wenberg\/Morat SuisseZum Motto der Konferenz&nbsp;&nbsp;\u2018\u00c4quivalenzprinzip im Faktencheck\u2019&nbsp;wird es Beitr\u00e4ge aus Deutschland, dem Gastgeberland Schweiz, aus \u00d6sterreich, Frankreich, Norwegen und Luxemburg geben. Wie immer hat Akzept auch ein interessantes Vorprogramm zusammengestellt.25. &#8211; 26.05.2023 \/ Vorprogramm: 24.05.2023https:\/\/gesundinhaft.eu\/programm\/ Le&nbsp;programme&nbsp;et le&nbsp;formulaire d\u2019inscription&nbsp;sont t\u00e9l\u00e9chargeables ici. Par ailleurs, un tarif \u00ab&nbsp;early bird&nbsp;\u00bb [&hellip;]\" \/>\n<meta property=\"og:url\" content=\"https:\/\/cmps-ksg.ch\/fr\/12e-conference-europeenne-sur-la-promotion-de-la-sante-en-prison\/\" \/>\n<meta property=\"og:site_name\" content=\"CMPS \/ KSG\" \/>\n<meta property=\"article:published_time\" content=\"2023-01-16T13:26:49+00:00\" \/>\n<meta property=\"article:modified_time\" content=\"2025-02-12T19:09:25+00:00\" \/>\n<meta name=\"author\" content=\"Pascale Kohli\" \/>\n<meta name=\"twitter:card\" content=\"summary_large_image\" \/>\n<meta name=\"twitter:label1\" content=\"\u00c9crit par\" \/>\n\t<meta name=\"twitter:data1\" content=\"Pascale Kohli\" \/>\n\t<meta name=\"twitter:label2\" content=\"Dur\u00e9e de lecture estim\u00e9e\" \/>\n\t<meta name=\"twitter:data2\" content=\"1 minute\" \/>\n<script type=\"application\/ld+json\" class=\"yoast-schema-graph\">{\"@context\":\"https:\\\/\\\/schema.org\",\"@graph\":[{\"@type\":\"Article\",\"@id\":\"https:\\\/\\\/cmps-ksg.ch\\\/fr\\\/12e-conference-europeenne-sur-la-promotion-de-la-sante-en-prison\\\/#article\",\"isPartOf\":{\"@id\":\"https:\\\/\\\/cmps-ksg.ch\\\/fr\\\/12e-conference-europeenne-sur-la-promotion-de-la-sante-en-prison\\\/\"},\"author\":{\"name\":\"Pascale Kohli\",\"@id\":\"https:\\\/\\\/cmps-ksg.ch\\\/#\\\/schema\\\/person\\\/5ebf0a585b1ce0286665a758488db408\"},\"headline\":\"12e Conf\u00e9rence europ\u00e9enne sur la promotion de la sant\u00e9 en prison, 25. &#8211; 26.05.2023\",\"datePublished\":\"2023-01-16T13:26:49+00:00\",\"dateModified\":\"2025-02-12T19:09:25+00:00\",\"mainEntityOfPage\":{\"@id\":\"https:\\\/\\\/cmps-ksg.ch\\\/fr\\\/12e-conference-europeenne-sur-la-promotion-de-la-sante-en-prison\\\/\"},\"wordCount\":100,\"publisher\":{\"@id\":\"https:\\\/\\\/cmps-ksg.ch\\\/#organization\"},\"keywords\":[\"Conf\u00e9rence europ\u00e9enne sur la promotion de la sant\u00e9 en prison\"],\"articleSection\":[\"Non classifi\u00e9(e)\"],\"inLanguage\":\"fr-FR\"},{\"@type\":\"WebPage\",\"@id\":\"https:\\\/\\\/cmps-ksg.ch\\\/fr\\\/12e-conference-europeenne-sur-la-promotion-de-la-sante-en-prison\\\/\",\"url\":\"https:\\\/\\\/cmps-ksg.ch\\\/fr\\\/12e-conference-europeenne-sur-la-promotion-de-la-sante-en-prison\\\/\",\"name\":\"12e Conf\u00e9rence europ\u00e9enne sur la promotion de la sant\u00e9 en prison, 25. - 26.05.2023 - CMPS \\\/ KSG\",\"isPartOf\":{\"@id\":\"https:\\\/\\\/cmps-ksg.ch\\\/#website\"},\"datePublished\":\"2023-01-16T13:26:49+00:00\",\"dateModified\":\"2025-02-12T19:09:25+00:00\",\"breadcrumb\":{\"@id\":\"https:\\\/\\\/cmps-ksg.ch\\\/fr\\\/12e-conference-europeenne-sur-la-promotion-de-la-sante-en-prison\\\/#breadcrumb\"},\"inLanguage\":\"fr-FR\",\"potentialAction\":[{\"@type\":\"ReadAction\",\"target\":[\"https:\\\/\\\/cmps-ksg.ch\\\/fr\\\/12e-conference-europeenne-sur-la-promotion-de-la-sante-en-prison\\\/\"]}]},{\"@type\":\"BreadcrumbList\",\"@id\":\"https:\\\/\\\/cmps-ksg.ch\\\/fr\\\/12e-conference-europeenne-sur-la-promotion-de-la-sante-en-prison\\\/#breadcrumb\",\"itemListElement\":[{\"@type\":\"ListItem\",\"position\":1,\"name\":\"Home\",\"item\":\"https:\\\/\\\/cmps-ksg.ch\\\/fr\\\/\"},{\"@type\":\"ListItem\",\"position\":2,\"name\":\"12e Conf\u00e9rence europ\u00e9enne sur la promotion de la sant\u00e9 en prison, 25. &#8211; 26.05.2023\"}]},{\"@type\":\"WebSite\",\"@id\":\"https:\\\/\\\/cmps-ksg.ch\\\/#website\",\"url\":\"https:\\\/\\\/cmps-ksg.ch\\\/\",\"name\":\"CMPS \\\/ KSG\",\"description\":\"\",\"publisher\":{\"@id\":\"https:\\\/\\\/cmps-ksg.ch\\\/#organization\"},\"potentialAction\":[{\"@type\":\"SearchAction\",\"target\":{\"@type\":\"EntryPoint\",\"urlTemplate\":\"https:\\\/\\\/cmps-ksg.ch\\\/?s={search_term_string}\"},\"query-input\":{\"@type\":\"PropertyValueSpecification\",\"valueRequired\":true,\"valueName\":\"search_term_string\"}}],\"inLanguage\":\"fr-FR\"},{\"@type\":\"Organization\",\"@id\":\"https:\\\/\\\/cmps-ksg.ch\\\/#organization\",\"name\":\"CMPS \\\/ KSG\",\"url\":\"https:\\\/\\\/cmps-ksg.ch\\\/\",\"logo\":{\"@type\":\"ImageObject\",\"inLanguage\":\"fr-FR\",\"@id\":\"https:\\\/\\\/cmps-ksg.ch\\\/#\\\/schema\\\/logo\\\/image\\\/\",\"url\":\"https:\\\/\\\/cmps-ksg.ch\\\/wp-content\\\/uploads\\\/2023\\\/05\\\/logo_cmps-ksg.svg\",\"contentUrl\":\"https:\\\/\\\/cmps-ksg.ch\\\/wp-content\\\/uploads\\\/2023\\\/05\\\/logo_cmps-ksg.svg\",\"caption\":\"CMPS \\\/ KSG\"},\"image\":{\"@id\":\"https:\\\/\\\/cmps-ksg.ch\\\/#\\\/schema\\\/logo\\\/image\\\/\"}},{\"@type\":\"Person\",\"@id\":\"https:\\\/\\\/cmps-ksg.ch\\\/#\\\/schema\\\/person\\\/5ebf0a585b1ce0286665a758488db408\",\"name\":\"Pascale Kohli\",\"sameAs\":[\"https:\\\/\\\/cmps-ksg.ch\"]}]}<\/script>\n<!-- \/ Yoast SEO plugin. -->","yoast_head_json":{"title":"12e Conf\u00e9rence europ\u00e9enne sur la promotion de la sant\u00e9 en prison, 25. - 26.05.2023 - CMPS \/ KSG","robots":{"index":"index","follow":"follow","max-snippet":"max-snippet:-1","max-image-preview":"max-image-preview:large","max-video-preview":"max-video-preview:-1"},"canonical":"https:\/\/cmps-ksg.ch\/fr\/12e-conference-europeenne-sur-la-promotion-de-la-sante-en-prison\/","og_locale":"fr_FR","og_type":"article","og_title":"12e Conf\u00e9rence europ\u00e9enne sur la promotion de la sant\u00e9 en prison, 25. - 26.05.2023 - CMPS \/ KSG","og_description":"\u201e\u00c4quivalenzprinzip im Faktencheck\u201cSBB Centre Loewenberg, Murten, Schweiz, Centre SBB L\u00f6wenberg\/Morat SuisseZum Motto der Konferenz&nbsp;&nbsp;\u2018\u00c4quivalenzprinzip im Faktencheck\u2019&nbsp;wird es Beitr\u00e4ge aus Deutschland, dem Gastgeberland Schweiz, aus \u00d6sterreich, Frankreich, Norwegen und Luxemburg geben. Wie immer hat Akzept auch ein interessantes Vorprogramm zusammengestellt.25. &#8211; 26.05.2023 \/ Vorprogramm: 24.05.2023https:\/\/gesundinhaft.eu\/programm\/ Le&nbsp;programme&nbsp;et le&nbsp;formulaire d\u2019inscription&nbsp;sont t\u00e9l\u00e9chargeables ici. Par ailleurs, un tarif \u00ab&nbsp;early bird&nbsp;\u00bb [&hellip;]","og_url":"https:\/\/cmps-ksg.ch\/fr\/12e-conference-europeenne-sur-la-promotion-de-la-sante-en-prison\/","og_site_name":"CMPS \/ KSG","article_published_time":"2023-01-16T13:26:49+00:00","article_modified_time":"2025-02-12T19:09:25+00:00","author":"Pascale Kohli","twitter_card":"summary_large_image","twitter_misc":{"\u00c9crit par":"Pascale Kohli","Dur\u00e9e de lecture estim\u00e9e":"1 minute"},"schema":{"@context":"https:\/\/schema.org","@graph":[{"@type":"Article","@id":"https:\/\/cmps-ksg.ch\/fr\/12e-conference-europeenne-sur-la-promotion-de-la-sante-en-prison\/#article","isPartOf":{"@id":"https:\/\/cmps-ksg.ch\/fr\/12e-conference-europeenne-sur-la-promotion-de-la-sante-en-prison\/"},"author":{"name":"Pascale Kohli","@id":"https:\/\/cmps-ksg.ch\/#\/schema\/person\/5ebf0a585b1ce0286665a758488db408"},"headline":"12e Conf\u00e9rence europ\u00e9enne sur la promotion de la sant\u00e9 en prison, 25. &#8211; 26.05.2023","datePublished":"2023-01-16T13:26:49+00:00","dateModified":"2025-02-12T19:09:25+00:00","mainEntityOfPage":{"@id":"https:\/\/cmps-ksg.ch\/fr\/12e-conference-europeenne-sur-la-promotion-de-la-sante-en-prison\/"},"wordCount":100,"publisher":{"@id":"https:\/\/cmps-ksg.ch\/#organization"},"keywords":["Conf\u00e9rence europ\u00e9enne sur la promotion de la sant\u00e9 en prison"],"articleSection":["Non classifi\u00e9(e)"],"inLanguage":"fr-FR"},{"@type":"WebPage","@id":"https:\/\/cmps-ksg.ch\/fr\/12e-conference-europeenne-sur-la-promotion-de-la-sante-en-prison\/","url":"https:\/\/cmps-ksg.ch\/fr\/12e-conference-europeenne-sur-la-promotion-de-la-sante-en-prison\/","name":"12e Conf\u00e9rence europ\u00e9enne sur la promotion de la sant\u00e9 en prison, 25. - 26.05.2023 - CMPS \/ KSG","isPartOf":{"@id":"https:\/\/cmps-ksg.ch\/#website"},"datePublished":"2023-01-16T13:26:49+00:00","dateModified":"2025-02-12T19:09:25+00:00","breadcrumb":{"@id":"https:\/\/cmps-ksg.ch\/fr\/12e-conference-europeenne-sur-la-promotion-de-la-sante-en-prison\/#breadcrumb"},"inLanguage":"fr-FR","potentialAction":[{"@type":"ReadAction","target":["https:\/\/cmps-ksg.ch\/fr\/12e-conference-europeenne-sur-la-promotion-de-la-sante-en-prison\/"]}]},{"@type":"BreadcrumbList","@id":"https:\/\/cmps-ksg.ch\/fr\/12e-conference-europeenne-sur-la-promotion-de-la-sante-en-prison\/#breadcrumb","itemListElement":[{"@type":"ListItem","position":1,"name":"Home","item":"https:\/\/cmps-ksg.ch\/fr\/"},{"@type":"ListItem","position":2,"name":"12e Conf\u00e9rence europ\u00e9enne sur la promotion de la sant\u00e9 en prison, 25. &#8211; 26.05.2023"}]},{"@type":"WebSite","@id":"https:\/\/cmps-ksg.ch\/#website","url":"https:\/\/cmps-ksg.ch\/","name":"CMPS \/ KSG","description":"","publisher":{"@id":"https:\/\/cmps-ksg.ch\/#organization"},"potentialAction":[{"@type":"SearchAction","target":{"@type":"EntryPoint","urlTemplate":"https:\/\/cmps-ksg.ch\/?s={search_term_string}"},"query-input":{"@type":"PropertyValueSpecification","valueRequired":true,"valueName":"search_term_string"}}],"inLanguage":"fr-FR"},{"@type":"Organization","@id":"https:\/\/cmps-ksg.ch\/#organization","name":"CMPS \/ KSG","url":"https:\/\/cmps-ksg.ch\/","logo":{"@type":"ImageObject","inLanguage":"fr-FR","@id":"https:\/\/cmps-ksg.ch\/#\/schema\/logo\/image\/","url":"https:\/\/cmps-ksg.ch\/wp-content\/uploads\/2023\/05\/logo_cmps-ksg.svg","contentUrl":"https:\/\/cmps-ksg.ch\/wp-content\/uploads\/2023\/05\/logo_cmps-ksg.svg","caption":"CMPS \/ KSG"},"image":{"@id":"https:\/\/cmps-ksg.ch\/#\/schema\/logo\/image\/"}},{"@type":"Person","@id":"https:\/\/cmps-ksg.ch\/#\/schema\/person\/5ebf0a585b1ce0286665a758488db408","name":"Pascale Kohli","sameAs":["https:\/\/cmps-ksg.ch"]}]}},"uagb_featured_image_src":{"full":false,"thumbnail":false,"medium":false,"medium_large":false,"large":false,"1536x1536":false,"2048x2048":false},"uagb_author_info":{"display_name":"Pascale Kohli","author_link":"https:\/\/cmps-ksg.ch\/fr\/author\/pascale\/"},"uagb_comment_info":0,"uagb_excerpt":"\u201e\u00c4quivalenzprinzip im Faktencheck\u201cSBB Centre Loewenberg, Murten, Schweiz, Centre SBB L\u00f6wenberg\/Morat SuisseZum Motto der Konferenz&nbsp;&nbsp;\u2018\u00c4quivalenzprinzip im Faktencheck\u2019&nbsp;wird es Beitr\u00e4ge aus Deutschland, dem Gastgeberland Schweiz, aus \u00d6sterreich, Frankreich, Norwegen und Luxemburg geben. Wie immer hat Akzept auch ein interessantes Vorprogramm zusammengestellt.25. &#8211; 26.05.2023 \/ Vorprogramm: 24.05.2023https:\/\/gesundinhaft.eu\/programm\/ Le&nbsp;programme&nbsp;et le&nbsp;formulaire d\u2019inscription&nbsp;sont t\u00e9l\u00e9chargeables ici. Par ailleurs, un tarif \u00ab&nbsp;early bird&nbsp;\u00bb\u2026","_links":{"self":[{"href":"https:\/\/cmps-ksg.ch\/fr\/wp-json\/wp\/v2\/posts\/1896","targetHints":{"allow":["GET"]}}],"collection":[{"href":"https:\/\/cmps-ksg.ch\/fr\/wp-json\/wp\/v2\/posts"}],"about":[{"href":"https:\/\/cmps-ksg.ch\/fr\/wp-json\/wp\/v2\/types\/post"}],"author":[{"embeddable":true,"href":"https:\/\/cmps-ksg.ch\/fr\/wp-json\/wp\/v2\/users\/1"}],"replies":[{"embeddable":true,"href":"https:\/\/cmps-ksg.ch\/fr\/wp-json\/wp\/v2\/comments?post=1896"}],"version-history":[{"count":2,"href":"https:\/\/cmps-ksg.ch\/fr\/wp-json\/wp\/v2\/posts\/1896\/revisions"}],"predecessor-version":[{"id":2526,"href":"https:\/\/cmps-ksg.ch\/fr\/wp-json\/wp\/v2\/posts\/1896\/revisions\/2526"}],"wp:attachment":[{"href":"https:\/\/cmps-ksg.ch\/fr\/wp-json\/wp\/v2\/media?parent=1896"}],"wp:term":[{"taxonomy":"category","embeddable":true,"href":"https:\/\/cmps-ksg.ch\/fr\/wp-json\/wp\/v2\/categories?post=1896"},{"taxonomy":"post_tag","embeddable":true,"href":"https:\/\/cmps-ksg.ch\/fr\/wp-json\/wp\/v2\/tags?post=1896"}],"curies":[{"name":"wp","href":"https:\/\/api.w.org\/{rel}","templated":true}]}}