{"id":2348,"date":"2025-01-22T19:11:29","date_gmt":"2025-01-22T19:11:29","guid":{"rendered":"https:\/\/cmps-ksg.ch\/?p=2348"},"modified":"2025-04-16T20:55:24","modified_gmt":"2025-04-16T20:55:24","slug":"27-28-mars-2024-rencontre-annuelle-de-la-conference-des-medecins-penitentiaires-suisses-et-du-forum-du-personnel-soignant-des-etablissements-de-detention-en-suisse","status":"publish","type":"post","link":"https:\/\/cmps-ksg.ch\/fr\/27-28-mars-2024-rencontre-annuelle-de-la-conference-des-medecins-penitentiaires-suisses-et-du-forum-du-personnel-soignant-des-etablissements-de-detention-en-suisse\/","title":{"rendered":"27 &#8211; 28 mars 2025 \/ Rencontre annuelle de la Conf\u00e9rence des m\u00e9decins p\u00e9nitentiaires suisses et du Forum du personnel soignant des \u00e9tablissements de d\u00e9tention en Suisse"},"content":{"rendered":"\n<p>Congr\u00e8s m\u00e9decine p\u00e9nitentiaire<\/p>\n\n\n\n<p>Incarc\u00e9ration et migration : regards crois\u00e9s, d\u00e9fis et opportunit\u00e9s<\/p>\n\n\n\n<p><a href=\"https:\/\/cmps-ksg.ch\/wp-content\/uploads\/2025\/04\/20250327_Congres_penitentiaire.pdf\" target=\"_blank\" rel=\"noreferrer noopener\">Programme<\/a><\/p>\n\n\n\n<p><\/p>\n","protected":false},"excerpt":{"rendered":"<p>Congr\u00e8s m\u00e9decine p\u00e9nitentiaire Incarc\u00e9ration et migration : regards crois\u00e9s, d\u00e9fis et opportunit\u00e9s Programme<\/p>\n","protected":false},"author":3,"featured_media":0,"comment_status":"closed","ping_status":"closed","sticky":false,"template":"","format":"standard","meta":{"inline_featured_image":false,"_uag_custom_page_level_css":"","site-sidebar-layout":"default","site-content-layout":"","ast-site-content-layout":"default","site-content-style":"default","site-sidebar-style":"default","ast-global-header-display":"","ast-banner-title-visibility":"","ast-main-header-display":"","ast-hfb-above-header-display":"","ast-hfb-below-header-display":"","ast-hfb-mobile-header-display":"","site-post-title":"","ast-breadcrumbs-content":"","ast-featured-img":"","footer-sml-layout":"","ast-disable-related-posts":"","theme-transparent-header-meta":"","adv-header-id-meta":"","stick-header-meta":"","header-above-stick-meta":"","header-main-stick-meta":"","header-below-stick-meta":"","astra-migrate-meta-layouts":"set","ast-page-background-enabled":"default","ast-page-background-meta":{"desktop":{"background-color":"var(--ast-global-color-4)","background-image":"","background-repeat":"repeat","background-position":"center center","background-size":"auto","background-attachment":"scroll","background-type":"","background-media":"","overlay-type":"","overlay-color":"","overlay-opacity":"","overlay-gradient":""},"tablet":{"background-color":"","background-image":"","background-repeat":"repeat","background-position":"center center","background-size":"auto","background-attachment":"scroll","background-type":"","background-media":"","overlay-type":"","overlay-color":"","overlay-opacity":"","overlay-gradient":""},"mobile":{"background-color":"","background-image":"","background-repeat":"repeat","background-position":"center center","background-size":"auto","background-attachment":"scroll","background-type":"","background-media":"","overlay-type":"","overlay-color":"","overlay-opacity":"","overlay-gradient":""}},"ast-content-background-meta":{"desktop":{"background-color":"var(--ast-global-color-5)","background-image":"","background-repeat":"repeat","background-position":"center center","background-size":"auto","background-attachment":"scroll","background-type":"","background-media":"","overlay-type":"","overlay-color":"","overlay-opacity":"","overlay-gradient":""},"tablet":{"background-color":"var(--ast-global-color-5)","background-image":"","background-repeat":"repeat","background-position":"center center","background-size":"auto","background-attachment":"scroll","background-type":"","background-media":"","overlay-type":"","overlay-color":"","overlay-opacity":"","overlay-gradient":""},"mobile":{"background-color":"var(--ast-global-color-5)","background-image":"","background-repeat":"repeat","background-position":"center center","background-size":"auto","background-attachment":"scroll","background-type":"","background-media":"","overlay-type":"","overlay-color":"","overlay-opacity":"","overlay-gradient":""}},"footnotes":""},"categories":[37],"tags":[],"class_list":["post-2348","post","type-post","status-publish","format-standard","hentry","category-reunions-annuelles"],"yoast_head":"<!-- This site is optimized with the Yoast SEO plugin v27.5 - https:\/\/yoast.com\/product\/yoast-seo-wordpress\/ -->\n<title>27 - 28 mars 2025 \/ Rencontre annuelle de la Conf\u00e9rence des m\u00e9decins p\u00e9nitentiaires suisses et du Forum du personnel soignant des \u00e9tablissements de d\u00e9tention en Suisse - CMPS \/ KSG<\/title>\n<meta name=\"robots\" content=\"index, follow, max-snippet:-1, max-image-preview:large, max-video-preview:-1\" \/>\n<link rel=\"canonical\" href=\"https:\/\/cmps-ksg.ch\/fr\/27-28-mars-2024-rencontre-annuelle-de-la-conference-des-medecins-penitentiaires-suisses-et-du-forum-du-personnel-soignant-des-etablissements-de-detention-en-suisse\/\" \/>\n<meta property=\"og:locale\" content=\"fr_FR\" \/>\n<meta property=\"og:type\" content=\"article\" \/>\n<meta property=\"og:title\" content=\"27 - 28 mars 2025 \/ Rencontre annuelle de la Conf\u00e9rence des m\u00e9decins p\u00e9nitentiaires suisses et du Forum du personnel soignant des \u00e9tablissements de d\u00e9tention en Suisse - CMPS \/ KSG\" \/>\n<meta property=\"og:description\" content=\"Congr\u00e8s m\u00e9decine p\u00e9nitentiaire Incarc\u00e9ration et migration : regards crois\u00e9s, d\u00e9fis et opportunit\u00e9s Programme\" \/>\n<meta property=\"og:url\" content=\"https:\/\/cmps-ksg.ch\/fr\/27-28-mars-2024-rencontre-annuelle-de-la-conference-des-medecins-penitentiaires-suisses-et-du-forum-du-personnel-soignant-des-etablissements-de-detention-en-suisse\/\" \/>\n<meta property=\"og:site_name\" content=\"CMPS \/ KSG\" \/>\n<meta property=\"article:published_time\" content=\"2025-01-22T19:11:29+00:00\" \/>\n<meta property=\"article:modified_time\" content=\"2025-04-16T20:55:24+00:00\" \/>\n<meta name=\"author\" content=\"Daniel Kauer\" \/>\n<meta name=\"twitter:card\" content=\"summary_large_image\" \/>\n<meta name=\"twitter:label1\" content=\"\u00c9crit par\" \/>\n\t<meta name=\"twitter:data1\" content=\"Daniel Kauer\" \/>\n\t<meta name=\"twitter:label2\" content=\"Dur\u00e9e de lecture estim\u00e9e\" \/>\n\t<meta name=\"twitter:data2\" content=\"1 minute\" \/>\n<script type=\"application\/ld+json\" class=\"yoast-schema-graph\">{\"@context\":\"https:\\\/\\\/schema.org\",\"@graph\":[{\"@type\":\"Article\",\"@id\":\"https:\\\/\\\/cmps-ksg.ch\\\/fr\\\/27-28-mars-2024-rencontre-annuelle-de-la-conference-des-medecins-penitentiaires-suisses-et-du-forum-du-personnel-soignant-des-etablissements-de-detention-en-suisse\\\/#article\",\"isPartOf\":{\"@id\":\"https:\\\/\\\/cmps-ksg.ch\\\/fr\\\/27-28-mars-2024-rencontre-annuelle-de-la-conference-des-medecins-penitentiaires-suisses-et-du-forum-du-personnel-soignant-des-etablissements-de-detention-en-suisse\\\/\"},\"author\":{\"name\":\"Daniel Kauer\",\"@id\":\"https:\\\/\\\/cmps-ksg.ch\\\/#\\\/schema\\\/person\\\/681aef176e7752f359ac206ce9b1ef54\"},\"headline\":\"27 &#8211; 28 mars 2025 \\\/ Rencontre annuelle de la Conf\u00e9rence des m\u00e9decins p\u00e9nitentiaires suisses et du Forum du personnel soignant des \u00e9tablissements de d\u00e9tention en Suisse\",\"datePublished\":\"2025-01-22T19:11:29+00:00\",\"dateModified\":\"2025-04-16T20:55:24+00:00\",\"mainEntityOfPage\":{\"@id\":\"https:\\\/\\\/cmps-ksg.ch\\\/fr\\\/27-28-mars-2024-rencontre-annuelle-de-la-conference-des-medecins-penitentiaires-suisses-et-du-forum-du-personnel-soignant-des-etablissements-de-detention-en-suisse\\\/\"},\"wordCount\":46,\"publisher\":{\"@id\":\"https:\\\/\\\/cmps-ksg.ch\\\/#organization\"},\"articleSection\":[\"R\u00e9unions annuelles\"],\"inLanguage\":\"fr-FR\"},{\"@type\":\"WebPage\",\"@id\":\"https:\\\/\\\/cmps-ksg.ch\\\/fr\\\/27-28-mars-2024-rencontre-annuelle-de-la-conference-des-medecins-penitentiaires-suisses-et-du-forum-du-personnel-soignant-des-etablissements-de-detention-en-suisse\\\/\",\"url\":\"https:\\\/\\\/cmps-ksg.ch\\\/fr\\\/27-28-mars-2024-rencontre-annuelle-de-la-conference-des-medecins-penitentiaires-suisses-et-du-forum-du-personnel-soignant-des-etablissements-de-detention-en-suisse\\\/\",\"name\":\"27 - 28 mars 2025 \\\/ Rencontre annuelle de la Conf\u00e9rence des m\u00e9decins p\u00e9nitentiaires suisses et du Forum du personnel soignant des \u00e9tablissements de d\u00e9tention en Suisse - CMPS \\\/ KSG\",\"isPartOf\":{\"@id\":\"https:\\\/\\\/cmps-ksg.ch\\\/#website\"},\"datePublished\":\"2025-01-22T19:11:29+00:00\",\"dateModified\":\"2025-04-16T20:55:24+00:00\",\"breadcrumb\":{\"@id\":\"https:\\\/\\\/cmps-ksg.ch\\\/fr\\\/27-28-mars-2024-rencontre-annuelle-de-la-conference-des-medecins-penitentiaires-suisses-et-du-forum-du-personnel-soignant-des-etablissements-de-detention-en-suisse\\\/#breadcrumb\"},\"inLanguage\":\"fr-FR\",\"potentialAction\":[{\"@type\":\"ReadAction\",\"target\":[\"https:\\\/\\\/cmps-ksg.ch\\\/fr\\\/27-28-mars-2024-rencontre-annuelle-de-la-conference-des-medecins-penitentiaires-suisses-et-du-forum-du-personnel-soignant-des-etablissements-de-detention-en-suisse\\\/\"]}]},{\"@type\":\"BreadcrumbList\",\"@id\":\"https:\\\/\\\/cmps-ksg.ch\\\/fr\\\/27-28-mars-2024-rencontre-annuelle-de-la-conference-des-medecins-penitentiaires-suisses-et-du-forum-du-personnel-soignant-des-etablissements-de-detention-en-suisse\\\/#breadcrumb\",\"itemListElement\":[{\"@type\":\"ListItem\",\"position\":1,\"name\":\"Home\",\"item\":\"https:\\\/\\\/cmps-ksg.ch\\\/fr\\\/\"},{\"@type\":\"ListItem\",\"position\":2,\"name\":\"27 &#8211; 28 mars 2025 \\\/ Rencontre annuelle de la Conf\u00e9rence des m\u00e9decins p\u00e9nitentiaires suisses et du Forum du personnel soignant des \u00e9tablissements de d\u00e9tention en Suisse\"}]},{\"@type\":\"WebSite\",\"@id\":\"https:\\\/\\\/cmps-ksg.ch\\\/#website\",\"url\":\"https:\\\/\\\/cmps-ksg.ch\\\/\",\"name\":\"CMPS \\\/ KSG\",\"description\":\"\",\"publisher\":{\"@id\":\"https:\\\/\\\/cmps-ksg.ch\\\/#organization\"},\"potentialAction\":[{\"@type\":\"SearchAction\",\"target\":{\"@type\":\"EntryPoint\",\"urlTemplate\":\"https:\\\/\\\/cmps-ksg.ch\\\/?s={search_term_string}\"},\"query-input\":{\"@type\":\"PropertyValueSpecification\",\"valueRequired\":true,\"valueName\":\"search_term_string\"}}],\"inLanguage\":\"fr-FR\"},{\"@type\":\"Organization\",\"@id\":\"https:\\\/\\\/cmps-ksg.ch\\\/#organization\",\"name\":\"CMPS \\\/ KSG\",\"url\":\"https:\\\/\\\/cmps-ksg.ch\\\/\",\"logo\":{\"@type\":\"ImageObject\",\"inLanguage\":\"fr-FR\",\"@id\":\"https:\\\/\\\/cmps-ksg.ch\\\/#\\\/schema\\\/logo\\\/image\\\/\",\"url\":\"https:\\\/\\\/cmps-ksg.ch\\\/wp-content\\\/uploads\\\/2023\\\/05\\\/logo_cmps-ksg.svg\",\"contentUrl\":\"https:\\\/\\\/cmps-ksg.ch\\\/wp-content\\\/uploads\\\/2023\\\/05\\\/logo_cmps-ksg.svg\",\"caption\":\"CMPS \\\/ KSG\"},\"image\":{\"@id\":\"https:\\\/\\\/cmps-ksg.ch\\\/#\\\/schema\\\/logo\\\/image\\\/\"}},{\"@type\":\"Person\",\"@id\":\"https:\\\/\\\/cmps-ksg.ch\\\/#\\\/schema\\\/person\\\/681aef176e7752f359ac206ce9b1ef54\",\"name\":\"Daniel Kauer\",\"sameAs\":[\"http:\\\/\\\/kilo.ch\"]}]}<\/script>\n<!-- \/ Yoast SEO plugin. -->","yoast_head_json":{"title":"27 - 28 mars 2025 \/ Rencontre annuelle de la Conf\u00e9rence des m\u00e9decins p\u00e9nitentiaires suisses et du Forum du personnel soignant des \u00e9tablissements de d\u00e9tention en Suisse - CMPS \/ KSG","robots":{"index":"index","follow":"follow","max-snippet":"max-snippet:-1","max-image-preview":"max-image-preview:large","max-video-preview":"max-video-preview:-1"},"canonical":"https:\/\/cmps-ksg.ch\/fr\/27-28-mars-2024-rencontre-annuelle-de-la-conference-des-medecins-penitentiaires-suisses-et-du-forum-du-personnel-soignant-des-etablissements-de-detention-en-suisse\/","og_locale":"fr_FR","og_type":"article","og_title":"27 - 28 mars 2025 \/ Rencontre annuelle de la Conf\u00e9rence des m\u00e9decins p\u00e9nitentiaires suisses et du Forum du personnel soignant des \u00e9tablissements de d\u00e9tention en Suisse - CMPS \/ KSG","og_description":"Congr\u00e8s m\u00e9decine p\u00e9nitentiaire Incarc\u00e9ration et migration : regards crois\u00e9s, d\u00e9fis et opportunit\u00e9s Programme","og_url":"https:\/\/cmps-ksg.ch\/fr\/27-28-mars-2024-rencontre-annuelle-de-la-conference-des-medecins-penitentiaires-suisses-et-du-forum-du-personnel-soignant-des-etablissements-de-detention-en-suisse\/","og_site_name":"CMPS \/ KSG","article_published_time":"2025-01-22T19:11:29+00:00","article_modified_time":"2025-04-16T20:55:24+00:00","author":"Daniel Kauer","twitter_card":"summary_large_image","twitter_misc":{"\u00c9crit par":"Daniel Kauer","Dur\u00e9e de lecture estim\u00e9e":"1 minute"},"schema":{"@context":"https:\/\/schema.org","@graph":[{"@type":"Article","@id":"https:\/\/cmps-ksg.ch\/fr\/27-28-mars-2024-rencontre-annuelle-de-la-conference-des-medecins-penitentiaires-suisses-et-du-forum-du-personnel-soignant-des-etablissements-de-detention-en-suisse\/#article","isPartOf":{"@id":"https:\/\/cmps-ksg.ch\/fr\/27-28-mars-2024-rencontre-annuelle-de-la-conference-des-medecins-penitentiaires-suisses-et-du-forum-du-personnel-soignant-des-etablissements-de-detention-en-suisse\/"},"author":{"name":"Daniel Kauer","@id":"https:\/\/cmps-ksg.ch\/#\/schema\/person\/681aef176e7752f359ac206ce9b1ef54"},"headline":"27 &#8211; 28 mars 2025 \/ Rencontre annuelle de la Conf\u00e9rence des m\u00e9decins p\u00e9nitentiaires suisses et du Forum du personnel soignant des \u00e9tablissements de d\u00e9tention en Suisse","datePublished":"2025-01-22T19:11:29+00:00","dateModified":"2025-04-16T20:55:24+00:00","mainEntityOfPage":{"@id":"https:\/\/cmps-ksg.ch\/fr\/27-28-mars-2024-rencontre-annuelle-de-la-conference-des-medecins-penitentiaires-suisses-et-du-forum-du-personnel-soignant-des-etablissements-de-detention-en-suisse\/"},"wordCount":46,"publisher":{"@id":"https:\/\/cmps-ksg.ch\/#organization"},"articleSection":["R\u00e9unions annuelles"],"inLanguage":"fr-FR"},{"@type":"WebPage","@id":"https:\/\/cmps-ksg.ch\/fr\/27-28-mars-2024-rencontre-annuelle-de-la-conference-des-medecins-penitentiaires-suisses-et-du-forum-du-personnel-soignant-des-etablissements-de-detention-en-suisse\/","url":"https:\/\/cmps-ksg.ch\/fr\/27-28-mars-2024-rencontre-annuelle-de-la-conference-des-medecins-penitentiaires-suisses-et-du-forum-du-personnel-soignant-des-etablissements-de-detention-en-suisse\/","name":"27 - 28 mars 2025 \/ Rencontre annuelle de la Conf\u00e9rence des m\u00e9decins p\u00e9nitentiaires suisses et du Forum du personnel soignant des \u00e9tablissements de d\u00e9tention en Suisse - CMPS \/ KSG","isPartOf":{"@id":"https:\/\/cmps-ksg.ch\/#website"},"datePublished":"2025-01-22T19:11:29+00:00","dateModified":"2025-04-16T20:55:24+00:00","breadcrumb":{"@id":"https:\/\/cmps-ksg.ch\/fr\/27-28-mars-2024-rencontre-annuelle-de-la-conference-des-medecins-penitentiaires-suisses-et-du-forum-du-personnel-soignant-des-etablissements-de-detention-en-suisse\/#breadcrumb"},"inLanguage":"fr-FR","potentialAction":[{"@type":"ReadAction","target":["https:\/\/cmps-ksg.ch\/fr\/27-28-mars-2024-rencontre-annuelle-de-la-conference-des-medecins-penitentiaires-suisses-et-du-forum-du-personnel-soignant-des-etablissements-de-detention-en-suisse\/"]}]},{"@type":"BreadcrumbList","@id":"https:\/\/cmps-ksg.ch\/fr\/27-28-mars-2024-rencontre-annuelle-de-la-conference-des-medecins-penitentiaires-suisses-et-du-forum-du-personnel-soignant-des-etablissements-de-detention-en-suisse\/#breadcrumb","itemListElement":[{"@type":"ListItem","position":1,"name":"Home","item":"https:\/\/cmps-ksg.ch\/fr\/"},{"@type":"ListItem","position":2,"name":"27 &#8211; 28 mars 2025 \/ Rencontre annuelle de la Conf\u00e9rence des m\u00e9decins p\u00e9nitentiaires suisses et du Forum du personnel soignant des \u00e9tablissements de d\u00e9tention en Suisse"}]},{"@type":"WebSite","@id":"https:\/\/cmps-ksg.ch\/#website","url":"https:\/\/cmps-ksg.ch\/","name":"CMPS \/ KSG","description":"","publisher":{"@id":"https:\/\/cmps-ksg.ch\/#organization"},"potentialAction":[{"@type":"SearchAction","target":{"@type":"EntryPoint","urlTemplate":"https:\/\/cmps-ksg.ch\/?s={search_term_string}"},"query-input":{"@type":"PropertyValueSpecification","valueRequired":true,"valueName":"search_term_string"}}],"inLanguage":"fr-FR"},{"@type":"Organization","@id":"https:\/\/cmps-ksg.ch\/#organization","name":"CMPS \/ KSG","url":"https:\/\/cmps-ksg.ch\/","logo":{"@type":"ImageObject","inLanguage":"fr-FR","@id":"https:\/\/cmps-ksg.ch\/#\/schema\/logo\/image\/","url":"https:\/\/cmps-ksg.ch\/wp-content\/uploads\/2023\/05\/logo_cmps-ksg.svg","contentUrl":"https:\/\/cmps-ksg.ch\/wp-content\/uploads\/2023\/05\/logo_cmps-ksg.svg","caption":"CMPS \/ KSG"},"image":{"@id":"https:\/\/cmps-ksg.ch\/#\/schema\/logo\/image\/"}},{"@type":"Person","@id":"https:\/\/cmps-ksg.ch\/#\/schema\/person\/681aef176e7752f359ac206ce9b1ef54","name":"Daniel Kauer","sameAs":["http:\/\/kilo.ch"]}]}},"uagb_featured_image_src":{"full":false,"thumbnail":false,"medium":false,"medium_large":false,"large":false,"1536x1536":false,"2048x2048":false},"uagb_author_info":{"display_name":"Daniel Kauer","author_link":"https:\/\/cmps-ksg.ch\/fr\/author\/dankau394a20fhg72hao\/"},"uagb_comment_info":0,"uagb_excerpt":"Congr\u00e8s m\u00e9decine p\u00e9nitentiaire Incarc\u00e9ration et migration : regards crois\u00e9s, d\u00e9fis et opportunit\u00e9s Programme","_links":{"self":[{"href":"https:\/\/cmps-ksg.ch\/fr\/wp-json\/wp\/v2\/posts\/2348","targetHints":{"allow":["GET"]}}],"collection":[{"href":"https:\/\/cmps-ksg.ch\/fr\/wp-json\/wp\/v2\/posts"}],"about":[{"href":"https:\/\/cmps-ksg.ch\/fr\/wp-json\/wp\/v2\/types\/post"}],"author":[{"embeddable":true,"href":"https:\/\/cmps-ksg.ch\/fr\/wp-json\/wp\/v2\/users\/3"}],"replies":[{"embeddable":true,"href":"https:\/\/cmps-ksg.ch\/fr\/wp-json\/wp\/v2\/comments?post=2348"}],"version-history":[{"count":11,"href":"https:\/\/cmps-ksg.ch\/fr\/wp-json\/wp\/v2\/posts\/2348\/revisions"}],"predecessor-version":[{"id":2773,"href":"https:\/\/cmps-ksg.ch\/fr\/wp-json\/wp\/v2\/posts\/2348\/revisions\/2773"}],"wp:attachment":[{"href":"https:\/\/cmps-ksg.ch\/fr\/wp-json\/wp\/v2\/media?parent=2348"}],"wp:term":[{"taxonomy":"category","embeddable":true,"href":"https:\/\/cmps-ksg.ch\/fr\/wp-json\/wp\/v2\/categories?post=2348"},{"taxonomy":"post_tag","embeddable":true,"href":"https:\/\/cmps-ksg.ch\/fr\/wp-json\/wp\/v2\/tags?post=2348"}],"curies":[{"name":"wp","href":"https:\/\/api.w.org\/{rel}","templated":true}]}}